
{"id":9,"count":39,"description":"","link":"https:\/\/deti.evangnet.cz\/katecheze\/kategorie\/katecheticke-cykly\/dal-nejdeme-2\/","name":"D\u00e1l p\u0159ece nejdeme sami II (Od Samuele k \u0160alomounovi + Od Elij\u00e1\u0161e k mesi\u00e1\u0161ovi)","slug":"dal-nejdeme-2","taxonomy":"category","parent":3,"meta":[],"_links":{"self":[{"href":"https:\/\/deti.evangnet.cz\/katecheze\/wp-json\/wp\/v2\/categories\/9"}],"collection":[{"href":"https:\/\/deti.evangnet.cz\/katecheze\/wp-json\/wp\/v2\/categories"}],"about":[{"href":"https:\/\/deti.evangnet.cz\/katecheze\/wp-json\/wp\/v2\/taxonomies\/category"}],"up":[{"embeddable":true,"href":"https:\/\/deti.evangnet.cz\/katecheze\/wp-json\/wp\/v2\/categories\/3"}],"wp:post_type":[{"href":"https:\/\/deti.evangnet.cz\/katecheze\/wp-json\/wp\/v2\/posts?categories=9"},{"href":"https:\/\/deti.evangnet.cz\/katecheze\/wp-json\/wp\/v2\/katecheze?categories=9"}],"curies":[{"name":"wp","href":"https:\/\/api.w.org\/{rel}","templated":true}]}}