
{"id":8,"count":43,"description":"","link":"https:\/\/deti.evangnet.cz\/katecheze\/kategorie\/katecheticke-cykly\/dal-nejdeme-1\/","name":"D\u00e1l p\u0159ece nejdeme sami I (Od stvo\u0159en\u00ed k Josefovi + Od Moj\u017e\u00ed\u0161e k R\u00fat)","slug":"dal-nejdeme-1","taxonomy":"category","parent":3,"meta":[],"_links":{"self":[{"href":"https:\/\/deti.evangnet.cz\/katecheze\/wp-json\/wp\/v2\/categories\/8"}],"collection":[{"href":"https:\/\/deti.evangnet.cz\/katecheze\/wp-json\/wp\/v2\/categories"}],"about":[{"href":"https:\/\/deti.evangnet.cz\/katecheze\/wp-json\/wp\/v2\/taxonomies\/category"}],"up":[{"embeddable":true,"href":"https:\/\/deti.evangnet.cz\/katecheze\/wp-json\/wp\/v2\/categories\/3"}],"wp:post_type":[{"href":"https:\/\/deti.evangnet.cz\/katecheze\/wp-json\/wp\/v2\/posts?categories=8"},{"href":"https:\/\/deti.evangnet.cz\/katecheze\/wp-json\/wp\/v2\/katecheze?categories=8"}],"curies":[{"name":"wp","href":"https:\/\/api.w.org\/{rel}","templated":true}]}}