
{"id":11,"count":43,"description":"","link":"https:\/\/deti.evangnet.cz\/katecheze\/kategorie\/katecheticke-cykly\/dal-nejdeme-4\/","name":"D\u00e1l p\u0159ece nejdeme sami IV (s apo\u0161toly, s Janem a celou c\u00edrkv\u00ed)","slug":"dal-nejdeme-4","taxonomy":"category","parent":3,"meta":[],"_links":{"self":[{"href":"https:\/\/deti.evangnet.cz\/katecheze\/wp-json\/wp\/v2\/categories\/11"}],"collection":[{"href":"https:\/\/deti.evangnet.cz\/katecheze\/wp-json\/wp\/v2\/categories"}],"about":[{"href":"https:\/\/deti.evangnet.cz\/katecheze\/wp-json\/wp\/v2\/taxonomies\/category"}],"up":[{"embeddable":true,"href":"https:\/\/deti.evangnet.cz\/katecheze\/wp-json\/wp\/v2\/categories\/3"}],"wp:post_type":[{"href":"https:\/\/deti.evangnet.cz\/katecheze\/wp-json\/wp\/v2\/posts?categories=11"},{"href":"https:\/\/deti.evangnet.cz\/katecheze\/wp-json\/wp\/v2\/katecheze?categories=11"}],"curies":[{"name":"wp","href":"https:\/\/api.w.org\/{rel}","templated":true}]}}