
{"id":10,"count":41,"description":"","link":"https:\/\/deti.evangnet.cz\/katecheze\/kategorie\/katecheticke-cykly\/dal-nejdeme-3\/","name":"D\u00e1l p\u0159ece nejdeme sami III (S Markem + S Matou\u0161em a Luk\u00e1\u0161em)","slug":"dal-nejdeme-3","taxonomy":"category","parent":3,"meta":[],"_links":{"self":[{"href":"https:\/\/deti.evangnet.cz\/katecheze\/wp-json\/wp\/v2\/categories\/10"}],"collection":[{"href":"https:\/\/deti.evangnet.cz\/katecheze\/wp-json\/wp\/v2\/categories"}],"about":[{"href":"https:\/\/deti.evangnet.cz\/katecheze\/wp-json\/wp\/v2\/taxonomies\/category"}],"up":[{"embeddable":true,"href":"https:\/\/deti.evangnet.cz\/katecheze\/wp-json\/wp\/v2\/categories\/3"}],"wp:post_type":[{"href":"https:\/\/deti.evangnet.cz\/katecheze\/wp-json\/wp\/v2\/posts?categories=10"},{"href":"https:\/\/deti.evangnet.cz\/katecheze\/wp-json\/wp\/v2\/katecheze?categories=10"}],"curies":[{"name":"wp","href":"https:\/\/api.w.org\/{rel}","templated":true}]}}